{"id":19626,"date":"2023-01-19T10:06:44","date_gmt":"2023-01-19T10:06:44","guid":{"rendered":"https:\/\/mezquitadesevilla.com\/presentation-in-barcelona-of-the-book-educacion-decisiva-by-hajj-jalid-nieto\/"},"modified":"2024-09-18T09:02:03","modified_gmt":"2024-09-18T09:02:03","slug":"presentation-in-barcelona-of-the-book-educacion-decisiva-by-hajj-jalid-nieto","status":"publish","type":"post","link":"https:\/\/mezquitadesevilla.com\/en\/presentation-in-barcelona-of-the-book-educacion-decisiva-by-hajj-jalid-nieto\/","title":{"rendered":"Presentation in Barcelona of the book; &#8216;Educaci\u00f3n Decisiva&#8217; by Hajj Jalid Nieto"},"content":{"rendered":"\n<p>Last January 13 was presented at the Alc\u00e1ntara institut d&#8217;estudis culturals i ling\u00fc\u00edstics, in the heart of Barcelona, the book Educaci\u00f3n Descisiva.\nA brief treatise based on a tafsir of the Ayats (12 to 20) of Surat Al Luqman, in which the Sage advises his son, listing a series of principles necessary for the educational act to be complete.\nThese Ayats were recited as a preamble to the lecture.  <\/p>\n\n<p>The event was organized by Sidi Abdul Wadud Sabat\u00e9 and Luqman Nieto, in collaboration with the Institut&#8217;s management.<\/p>\n\n<p>After a brief presentation of the educational path of the speaker and author, by his own son, Luqman Nieto, the session was developed with an explanation of the purposes of the text, and a lesson on the educational principles in Islam.\nVery much in line with the direct experience of Hajj Khalid Nieto.\nBoth in his time as a teacher in public education, as in his role as an educator in the Islamic Community in Spain and Seville Mosque Foundation.\nWith more than forty years dedicated to the education of youth and adults.   <\/p>\n\n<p>Some significant pages of the work were read, as required by the exposition.\nEspecially the chapter called:<br\/>&#8220;Hope in a glorious destiny&#8221;.\nAs well as the enumeration of the educational principles, which are inferred from the mentioned Ayats.  <\/p>\n\n<p>Tea and pastries were offered to the attendees, who stayed to talk with the professor.\nHe was also the subject of many personal consultations, which caused the session to take longer than expected. <\/p>\n\n<p>This was followed by a dinner attended by the organizers, some of the attendees and acquaintances in the city.<\/p>\n\n<hr class=\"wp-block-separator has-alpha-channel-opacity\"\/>\n\n<p>From today the book can be purchased at the headquarters of the Seville Mosque Foundation or ordered by e-mail to the address jalid@mezquitadesevilla.com.\nThe price will be 10\u20ac.\nPlus shipping costs.  <\/p>\n\n<figure class=\"wp-block-gallery has-nested-images columns-default is-cropped wp-block-gallery-1 is-layout-flex wp-block-gallery-is-layout-flex\">\n<figure class=\"wp-block-image size-large\"><img data-recalc-dims=\"1\" loading=\"lazy\" decoding=\"async\" width=\"618\" height=\"874\" data-id=\"17190\" src=\"https:\/\/i0.wp.com\/mezquitadesevilla.com\/wp-content\/uploads\/2023\/01\/PHOTO-2023-01-07-21-03-25.jpg?resize=618%2C874&#038;ssl=1\" alt=\"\" class=\"wp-image-17190\" srcset=\"https:\/\/i0.wp.com\/mezquitadesevilla.com\/wp-content\/uploads\/2023\/01\/PHOTO-2023-01-07-21-03-25.jpg?resize=724%2C1024&amp;ssl=1 724w, https:\/\/i0.wp.com\/mezquitadesevilla.com\/wp-content\/uploads\/2023\/01\/PHOTO-2023-01-07-21-03-25.jpg?resize=212%2C300&amp;ssl=1 212w, https:\/\/i0.wp.com\/mezquitadesevilla.com\/wp-content\/uploads\/2023\/01\/PHOTO-2023-01-07-21-03-25.jpg?resize=1086%2C1536&amp;ssl=1 1086w, https:\/\/i0.wp.com\/mezquitadesevilla.com\/wp-content\/uploads\/2023\/01\/PHOTO-2023-01-07-21-03-25.jpg?w=1448&amp;ssl=1 1448w, https:\/\/i0.wp.com\/mezquitadesevilla.com\/wp-content\/uploads\/2023\/01\/PHOTO-2023-01-07-21-03-25.jpg?w=1236&amp;ssl=1 1236w\" sizes=\"auto, (max-width: 618px) 100vw, 618px\" \/><\/figure>\n\n\n\n<figure class=\"wp-block-image size-large\"><img data-recalc-dims=\"1\" loading=\"lazy\" decoding=\"async\" width=\"618\" height=\"824\" data-id=\"17192\" src=\"https:\/\/i0.wp.com\/mezquitadesevilla.com\/wp-content\/uploads\/2023\/01\/PHOTO-2023-01-16-15-46-48.jpg?resize=618%2C824&#038;ssl=1\" alt=\"\" class=\"wp-image-17192\" srcset=\"https:\/\/i0.wp.com\/mezquitadesevilla.com\/wp-content\/uploads\/2023\/01\/PHOTO-2023-01-16-15-46-48.jpg?resize=768%2C1024&amp;ssl=1 768w, https:\/\/i0.wp.com\/mezquitadesevilla.com\/wp-content\/uploads\/2023\/01\/PHOTO-2023-01-16-15-46-48.jpg?resize=225%2C300&amp;ssl=1 225w, https:\/\/i0.wp.com\/mezquitadesevilla.com\/wp-content\/uploads\/2023\/01\/PHOTO-2023-01-16-15-46-48.jpg?resize=1152%2C1536&amp;ssl=1 1152w, https:\/\/i0.wp.com\/mezquitadesevilla.com\/wp-content\/uploads\/2023\/01\/PHOTO-2023-01-16-15-46-48.jpg?w=1200&amp;ssl=1 1200w\" sizes=\"auto, (max-width: 618px) 100vw, 618px\" \/><\/figure>\n\n\n\n<figure class=\"wp-block-image size-large\"><img data-recalc-dims=\"1\" loading=\"lazy\" decoding=\"async\" width=\"618\" height=\"824\" data-id=\"17194\" src=\"https:\/\/i0.wp.com\/mezquitadesevilla.com\/wp-content\/uploads\/2023\/01\/PHOTO-2023-01-16-15-47-30.jpg?resize=618%2C824&#038;ssl=1\" alt=\"\" class=\"wp-image-17194\" srcset=\"https:\/\/i0.wp.com\/mezquitadesevilla.com\/wp-content\/uploads\/2023\/01\/PHOTO-2023-01-16-15-47-30.jpg?resize=768%2C1024&amp;ssl=1 768w, https:\/\/i0.wp.com\/mezquitadesevilla.com\/wp-content\/uploads\/2023\/01\/PHOTO-2023-01-16-15-47-30.jpg?resize=225%2C300&amp;ssl=1 225w, https:\/\/i0.wp.com\/mezquitadesevilla.com\/wp-content\/uploads\/2023\/01\/PHOTO-2023-01-16-15-47-30.jpg?resize=1152%2C1536&amp;ssl=1 1152w, https:\/\/i0.wp.com\/mezquitadesevilla.com\/wp-content\/uploads\/2023\/01\/PHOTO-2023-01-16-15-47-30.jpg?w=1200&amp;ssl=1 1200w\" sizes=\"auto, (max-width: 618px) 100vw, 618px\" \/><\/figure>\n\n\n\n<figure class=\"wp-block-image size-large\"><img data-recalc-dims=\"1\" loading=\"lazy\" decoding=\"async\" width=\"618\" height=\"824\" data-id=\"17196\" src=\"https:\/\/i0.wp.com\/mezquitadesevilla.com\/wp-content\/uploads\/2023\/01\/PHOTO-2023-01-16-15-47-55.jpg?resize=618%2C824&#038;ssl=1\" alt=\"\" class=\"wp-image-17196\" srcset=\"https:\/\/i0.wp.com\/mezquitadesevilla.com\/wp-content\/uploads\/2023\/01\/PHOTO-2023-01-16-15-47-55.jpg?resize=768%2C1024&amp;ssl=1 768w, https:\/\/i0.wp.com\/mezquitadesevilla.com\/wp-content\/uploads\/2023\/01\/PHOTO-2023-01-16-15-47-55.jpg?resize=225%2C300&amp;ssl=1 225w, https:\/\/i0.wp.com\/mezquitadesevilla.com\/wp-content\/uploads\/2023\/01\/PHOTO-2023-01-16-15-47-55.jpg?resize=1152%2C1536&amp;ssl=1 1152w, https:\/\/i0.wp.com\/mezquitadesevilla.com\/wp-content\/uploads\/2023\/01\/PHOTO-2023-01-16-15-47-55.jpg?w=1200&amp;ssl=1 1200w\" sizes=\"auto, (max-width: 618px) 100vw, 618px\" \/><\/figure>\n\n\n\n<figure class=\"wp-block-image size-large\"><img data-recalc-dims=\"1\" loading=\"lazy\" decoding=\"async\" width=\"618\" height=\"824\" data-id=\"17198\" src=\"https:\/\/i0.wp.com\/mezquitadesevilla.com\/wp-content\/uploads\/2023\/01\/PHOTO-2023-01-16-15-48-28.jpg?resize=618%2C824&#038;ssl=1\" alt=\"\" class=\"wp-image-17198\" srcset=\"https:\/\/i0.wp.com\/mezquitadesevilla.com\/wp-content\/uploads\/2023\/01\/PHOTO-2023-01-16-15-48-28.jpg?resize=768%2C1024&amp;ssl=1 768w, https:\/\/i0.wp.com\/mezquitadesevilla.com\/wp-content\/uploads\/2023\/01\/PHOTO-2023-01-16-15-48-28.jpg?resize=225%2C300&amp;ssl=1 225w, https:\/\/i0.wp.com\/mezquitadesevilla.com\/wp-content\/uploads\/2023\/01\/PHOTO-2023-01-16-15-48-28.jpg?resize=1152%2C1536&amp;ssl=1 1152w, https:\/\/i0.wp.com\/mezquitadesevilla.com\/wp-content\/uploads\/2023\/01\/PHOTO-2023-01-16-15-48-28.jpg?w=1200&amp;ssl=1 1200w\" sizes=\"auto, (max-width: 618px) 100vw, 618px\" \/><\/figure>\n\n\n\n<figure class=\"wp-block-image size-large\"><img data-recalc-dims=\"1\" loading=\"lazy\" decoding=\"async\" width=\"618\" height=\"824\" data-id=\"17200\" src=\"https:\/\/i0.wp.com\/mezquitadesevilla.com\/wp-content\/uploads\/2023\/01\/PHOTO-2023-01-16-15-49-22.jpg?resize=618%2C824&#038;ssl=1\" alt=\"\" class=\"wp-image-17200\" srcset=\"https:\/\/i0.wp.com\/mezquitadesevilla.com\/wp-content\/uploads\/2023\/01\/PHOTO-2023-01-16-15-49-22.jpg?resize=768%2C1024&amp;ssl=1 768w, https:\/\/i0.wp.com\/mezquitadesevilla.com\/wp-content\/uploads\/2023\/01\/PHOTO-2023-01-16-15-49-22.jpg?resize=225%2C300&amp;ssl=1 225w, https:\/\/i0.wp.com\/mezquitadesevilla.com\/wp-content\/uploads\/2023\/01\/PHOTO-2023-01-16-15-49-22.jpg?resize=1152%2C1536&amp;ssl=1 1152w, https:\/\/i0.wp.com\/mezquitadesevilla.com\/wp-content\/uploads\/2023\/01\/PHOTO-2023-01-16-15-49-22.jpg?w=1200&amp;ssl=1 1200w\" sizes=\"auto, (max-width: 618px) 100vw, 618px\" \/><\/figure>\n\n\n\n<figure class=\"wp-block-image size-large\"><img data-recalc-dims=\"1\" loading=\"lazy\" decoding=\"async\" width=\"550\" height=\"1024\" data-id=\"17206\" src=\"https:\/\/i0.wp.com\/mezquitadesevilla.com\/wp-content\/uploads\/2023\/01\/PHOTO-2023-01-19-13-37-02.jpg?resize=550%2C1024&#038;ssl=1\" alt=\"\" class=\"wp-image-17206\" srcset=\"https:\/\/i0.wp.com\/mezquitadesevilla.com\/wp-content\/uploads\/2023\/01\/PHOTO-2023-01-19-13-37-02.jpg?resize=550%2C1024&amp;ssl=1 550w, https:\/\/i0.wp.com\/mezquitadesevilla.com\/wp-content\/uploads\/2023\/01\/PHOTO-2023-01-19-13-37-02.jpg?resize=161%2C300&amp;ssl=1 161w, https:\/\/i0.wp.com\/mezquitadesevilla.com\/wp-content\/uploads\/2023\/01\/PHOTO-2023-01-19-13-37-02.jpg?resize=825%2C1536&amp;ssl=1 825w, https:\/\/i0.wp.com\/mezquitadesevilla.com\/wp-content\/uploads\/2023\/01\/PHOTO-2023-01-19-13-37-02.jpg?w=960&amp;ssl=1 960w\" sizes=\"auto, (max-width: 550px) 100vw, 550px\" \/><\/figure>\n<\/figure>\n","protected":false},"excerpt":{"rendered":"<p>Last January 13 was presented at the Alc\u00e1ntara institut d&#8217;estudis culturals i ling\u00fc\u00edstics, in the heart of Barcelona, the book Educaci\u00f3n Descisiva. A brief treatise based on a tafsir of the Ayats (12 to 20) of Surat Al Luqman, in which the Sage advises his son, listing a series of principles necessary for the educational &hellip;<\/p>\n","protected":false},"author":1,"featured_media":17203,"comment_status":"closed","ping_status":"closed","sticky":false,"template":"","format":"standard","meta":{"jetpack_post_was_ever_published":false,"_jetpack_newsletter_access":"","_jetpack_dont_email_post_to_subs":false,"_jetpack_newsletter_tier_id":0,"_jetpack_memberships_contains_paywalled_content":false,"_jetpack_memberships_contains_paid_content":false,"footnotes":""},"categories":[17],"tags":[],"class_list":["post-19626","post","type-post","status-publish","format-standard","has-post-thumbnail","","category-activities"],"jetpack_featured_media_url":"https:\/\/i0.wp.com\/mezquitadesevilla.com\/wp-content\/uploads\/2023\/01\/CB_BCN.png?fit=1375%2C688&ssl=1","jetpack_sharing_enabled":true,"_links":{"self":[{"href":"https:\/\/mezquitadesevilla.com\/en\/wp-json\/wp\/v2\/posts\/19626","targetHints":{"allow":["GET"]}}],"collection":[{"href":"https:\/\/mezquitadesevilla.com\/en\/wp-json\/wp\/v2\/posts"}],"about":[{"href":"https:\/\/mezquitadesevilla.com\/en\/wp-json\/wp\/v2\/types\/post"}],"author":[{"embeddable":true,"href":"https:\/\/mezquitadesevilla.com\/en\/wp-json\/wp\/v2\/users\/1"}],"replies":[{"embeddable":true,"href":"https:\/\/mezquitadesevilla.com\/en\/wp-json\/wp\/v2\/comments?post=19626"}],"version-history":[{"count":1,"href":"https:\/\/mezquitadesevilla.com\/en\/wp-json\/wp\/v2\/posts\/19626\/revisions"}],"predecessor-version":[{"id":19628,"href":"https:\/\/mezquitadesevilla.com\/en\/wp-json\/wp\/v2\/posts\/19626\/revisions\/19628"}],"wp:featuredmedia":[{"embeddable":true,"href":"https:\/\/mezquitadesevilla.com\/en\/wp-json\/wp\/v2\/media\/17203"}],"wp:attachment":[{"href":"https:\/\/mezquitadesevilla.com\/en\/wp-json\/wp\/v2\/media?parent=19626"}],"wp:term":[{"taxonomy":"category","embeddable":true,"href":"https:\/\/mezquitadesevilla.com\/en\/wp-json\/wp\/v2\/categories?post=19626"},{"taxonomy":"post_tag","embeddable":true,"href":"https:\/\/mezquitadesevilla.com\/en\/wp-json\/wp\/v2\/tags?post=19626"}],"curies":[{"name":"wp","href":"https:\/\/api.w.org\/{rel}","templated":true}]}}